{"id":372,"date":"2023-08-05T10:48:53","date_gmt":"2023-08-05T08:48:53","guid":{"rendered":"https:\/\/imat.up.krakow.pl\/?p=372"},"modified":"2024-03-05T10:50:17","modified_gmt":"2024-03-05T09:50:17","slug":"grant-nawa-dla-im-up","status":"publish","type":"post","link":"https:\/\/matematyka.uken.krakow.pl\/?p=372","title":{"rendered":"Grant NAWA dla IM UP"},"content":{"rendered":"<p>Instytut Matematyki UP uzyska\u0142 w ramach programu Welcome to Poland Narodowej Agencji Wymiany Akademickiej grant nr PPI\/WTP\/2022\/1\/00063 w wysoko\u015bci 311790,00 PLN. Celem grantu jest dofinansowanie dw\u00f3ch wydarze\u0144 naukowych <a href=\"https:\/\/lefschetz.up.krakow.pl\/school\/\">Lefschetz Preparatory School<\/a> oraz Konferencji <a href=\"https:\/\/lefschetz.up.krakow.pl\/conference\/\">&#8222;Lefschetz Properties in Algebra, Geometry, Topology and Combinatorics&#8221;<\/a>. Oba wydarzenia odb\u0119d\u0105 si\u0119 w 2024 roku.<\/p>\n","protected":false},"excerpt":{"rendered":"<p>Instytut Matematyki UP uzyska\u0142 w ramach programu Welcome to Poland Narodowej Agencji Wymiany Akademickiej grant nr PPI\/WTP\/2022\/1\/00063 w wysoko\u015bci 311790,00 PLN. Celem grantu jest dofinansowanie dw\u00f3ch wydarze\u0144 naukowych Lefschetz Preparatory School oraz Konferencji &#8222;Lefschetz Properties in Algebra, Geometry, Topology and Combinatorics&#8221;. Oba wydarzenia odb\u0119d\u0105 si\u0119 w 2024 roku.<\/p>\n","protected":false},"author":2,"featured_media":373,"comment_status":"closed","ping_status":"closed","sticky":false,"template":"","format":"standard","meta":{"footnotes":""},"categories":[8],"tags":[],"class_list":["post-372","post","type-post","status-publish","format-standard","has-post-thumbnail","hentry","category-bez-kategorii-pl"],"_links":{"self":[{"href":"https:\/\/matematyka.uken.krakow.pl\/index.php?rest_route=\/wp\/v2\/posts\/372","targetHints":{"allow":["GET"]}}],"collection":[{"href":"https:\/\/matematyka.uken.krakow.pl\/index.php?rest_route=\/wp\/v2\/posts"}],"about":[{"href":"https:\/\/matematyka.uken.krakow.pl\/index.php?rest_route=\/wp\/v2\/types\/post"}],"author":[{"embeddable":true,"href":"https:\/\/matematyka.uken.krakow.pl\/index.php?rest_route=\/wp\/v2\/users\/2"}],"replies":[{"embeddable":true,"href":"https:\/\/matematyka.uken.krakow.pl\/index.php?rest_route=%2Fwp%2Fv2%2Fcomments&post=372"}],"version-history":[{"count":1,"href":"https:\/\/matematyka.uken.krakow.pl\/index.php?rest_route=\/wp\/v2\/posts\/372\/revisions"}],"predecessor-version":[{"id":374,"href":"https:\/\/matematyka.uken.krakow.pl\/index.php?rest_route=\/wp\/v2\/posts\/372\/revisions\/374"}],"wp:featuredmedia":[{"embeddable":true,"href":"https:\/\/matematyka.uken.krakow.pl\/index.php?rest_route=\/wp\/v2\/media\/373"}],"wp:attachment":[{"href":"https:\/\/matematyka.uken.krakow.pl\/index.php?rest_route=%2Fwp%2Fv2%2Fmedia&parent=372"}],"wp:term":[{"taxonomy":"category","embeddable":true,"href":"https:\/\/matematyka.uken.krakow.pl\/index.php?rest_route=%2Fwp%2Fv2%2Fcategories&post=372"},{"taxonomy":"post_tag","embeddable":true,"href":"https:\/\/matematyka.uken.krakow.pl\/index.php?rest_route=%2Fwp%2Fv2%2Ftags&post=372"}],"curies":[{"name":"wp","href":"https:\/\/api.w.org\/{rel}","templated":true}]}}