{"id":615,"date":"2024-09-13T13:38:16","date_gmt":"2024-09-13T11:38:16","guid":{"rendered":"https:\/\/matematyka.uken.krakow.pl\/?p=615"},"modified":"2024-09-13T13:38:16","modified_gmt":"2024-09-13T11:38:16","slug":"sesja-naukowo-wspomnieniowej-z-okazji-120-rocznicy-urodzin-prof-anny-zofii-krygowskiej","status":"publish","type":"post","link":"https:\/\/matematyka.uken.krakow.pl\/?p=615","title":{"rendered":"Sesja naukowo-wspomnieniowej z okazji 120. rocznicy urodzin prof. Anny Zofii Krygowskiej"},"content":{"rendered":"<div class=\"x_elementToProof\"><b>Instytut Matematyki UKEN<\/b>\u00a0oraz <b>Oddzia\u0142 Krakowski Polskiego Towarzystwa Matematycznego <\/b>zapraszaj\u0105 do udzia\u0142u w <b>sesji naukowo-wspomnieniowej <\/b>organizowanej z okazji przypadaj\u0105cej w tym roku 120. rocznicy urodzin <b>prof. Anny Zofii Krygowskiej<\/b>, tw\u00f3rcy dydaktyki matematyki w Polsce. Szczeg\u00f3\u0142owe informacje oraz link do formularza rejestracyjnego znajduj\u0105 si\u0119 na stronie Mi\u0119dzyuczelnianego Og\u00f3lnopolskiego Seminarium z Dydaktyki Matematyki <a id=\"LPlnk980856\" href=\"https:\/\/mostdm.uken.krakow.pl\/sesja\/\" target=\"_blank\" rel=\"noopener noreferrer\" data-auth=\"NotApplicable\" data-linkindex=\"0\">https:\/\/mostdm.uken.krakow.pl\/sesja\/<\/a><\/div>\n<div><\/div>\n<div class=\"x_elementToProof\"><a href=\"https:\/\/matematyka.uken.krakow.pl\/wp-content\/uploads\/2024\/09\/Sesja-naukowo-wspomnieniowa-z-okazji-120.-rocznicy-urodzin-prof.-A.-Z.-Krygowskiej.pdf\"><img loading=\"lazy\" decoding=\"async\" class=\"wp-image-617 aligncenter\" src=\"https:\/\/matematyka.uken.krakow.pl\/wp-content\/uploads\/2024\/09\/Sesja-naukowo-wspomnieniowa-z-okazji-120.-rocznicy-urodzin-prof.-A.-Z.-Krygowskiej_final-212x300.jpg\" alt=\"\" width=\"193\" height=\"273\" srcset=\"https:\/\/matematyka.uken.krakow.pl\/wp-content\/uploads\/2024\/09\/Sesja-naukowo-wspomnieniowa-z-okazji-120.-rocznicy-urodzin-prof.-A.-Z.-Krygowskiej_final-212x300.jpg 212w, https:\/\/matematyka.uken.krakow.pl\/wp-content\/uploads\/2024\/09\/Sesja-naukowo-wspomnieniowa-z-okazji-120.-rocznicy-urodzin-prof.-A.-Z.-Krygowskiej_final-724x1024.jpg 724w, https:\/\/matematyka.uken.krakow.pl\/wp-content\/uploads\/2024\/09\/Sesja-naukowo-wspomnieniowa-z-okazji-120.-rocznicy-urodzin-prof.-A.-Z.-Krygowskiej_final-768x1086.jpg 768w, https:\/\/matematyka.uken.krakow.pl\/wp-content\/uploads\/2024\/09\/Sesja-naukowo-wspomnieniowa-z-okazji-120.-rocznicy-urodzin-prof.-A.-Z.-Krygowskiej_final-1086x1536.jpg 1086w, https:\/\/matematyka.uken.krakow.pl\/wp-content\/uploads\/2024\/09\/Sesja-naukowo-wspomnieniowa-z-okazji-120.-rocznicy-urodzin-prof.-A.-Z.-Krygowskiej_final-1448x2048.jpg 1448w, https:\/\/matematyka.uken.krakow.pl\/wp-content\/uploads\/2024\/09\/Sesja-naukowo-wspomnieniowa-z-okazji-120.-rocznicy-urodzin-prof.-A.-Z.-Krygowskiej_final.jpg 1754w\" sizes=\"auto, (max-width: 193px) 100vw, 193px\" \/><\/a><\/div>\n","protected":false},"excerpt":{"rendered":"<p>Instytut Matematyki UKEN\u00a0oraz Oddzia\u0142 Krakowski Polskiego Towarzystwa Matematycznego zapraszaj\u0105 do udzia\u0142u w sesji naukowo-wspomnieniowej organizowanej z okazji przypadaj\u0105cej w tym roku 120. rocznicy urodzin prof. Anny Zofii Krygowskiej, tw\u00f3rcy dydaktyki matematyki w Polsce. Szczeg\u00f3\u0142owe informacje oraz link do formularza rejestracyjnego znajduj\u0105 si\u0119 na stronie Mi\u0119dzyuczelnianego Og\u00f3lnopolskiego Seminarium z Dydaktyki Matematyki https:\/\/mostdm.uken.krakow.pl\/sesja\/<\/p>\n","protected":false},"author":2,"featured_media":616,"comment_status":"closed","ping_status":"closed","sticky":false,"template":"","format":"standard","meta":{"footnotes":""},"categories":[8],"tags":[],"class_list":["post-615","post","type-post","status-publish","format-standard","has-post-thumbnail","hentry","category-bez-kategorii-pl"],"_links":{"self":[{"href":"https:\/\/matematyka.uken.krakow.pl\/index.php?rest_route=\/wp\/v2\/posts\/615","targetHints":{"allow":["GET"]}}],"collection":[{"href":"https:\/\/matematyka.uken.krakow.pl\/index.php?rest_route=\/wp\/v2\/posts"}],"about":[{"href":"https:\/\/matematyka.uken.krakow.pl\/index.php?rest_route=\/wp\/v2\/types\/post"}],"author":[{"embeddable":true,"href":"https:\/\/matematyka.uken.krakow.pl\/index.php?rest_route=\/wp\/v2\/users\/2"}],"replies":[{"embeddable":true,"href":"https:\/\/matematyka.uken.krakow.pl\/index.php?rest_route=%2Fwp%2Fv2%2Fcomments&post=615"}],"version-history":[{"count":1,"href":"https:\/\/matematyka.uken.krakow.pl\/index.php?rest_route=\/wp\/v2\/posts\/615\/revisions"}],"predecessor-version":[{"id":619,"href":"https:\/\/matematyka.uken.krakow.pl\/index.php?rest_route=\/wp\/v2\/posts\/615\/revisions\/619"}],"wp:featuredmedia":[{"embeddable":true,"href":"https:\/\/matematyka.uken.krakow.pl\/index.php?rest_route=\/wp\/v2\/media\/616"}],"wp:attachment":[{"href":"https:\/\/matematyka.uken.krakow.pl\/index.php?rest_route=%2Fwp%2Fv2%2Fmedia&parent=615"}],"wp:term":[{"taxonomy":"category","embeddable":true,"href":"https:\/\/matematyka.uken.krakow.pl\/index.php?rest_route=%2Fwp%2Fv2%2Fcategories&post=615"},{"taxonomy":"post_tag","embeddable":true,"href":"https:\/\/matematyka.uken.krakow.pl\/index.php?rest_route=%2Fwp%2Fv2%2Ftags&post=615"}],"curies":[{"name":"wp","href":"https:\/\/api.w.org\/{rel}","templated":true}]}}