{"id":685,"date":"2025-03-07T12:09:22","date_gmt":"2025-03-07T11:09:22","guid":{"rendered":"https:\/\/matematyka.uken.krakow.pl\/?p=685"},"modified":"2025-03-07T12:11:48","modified_gmt":"2025-03-07T11:11:48","slug":"7-konferencja-transgresje-matematyczne","status":"publish","type":"post","link":"https:\/\/matematyka.uken.krakow.pl\/?p=685","title":{"rendered":"7. Konferencja Transgresje Matematyczne"},"content":{"rendered":"<p>W dniach <b>17-19 marca 2025 r. <\/b>w budynku g\u0142\u00f3wnym UKEN<b> <\/b>(ul. Podchor\u0105\u017cych 2, Krak\u00f3w) odb\u0119dzie si\u0119 7. konferencja <b>Transgresje Matematyczne (<a title=\"https:\/\/mt.uken.krakow.pl\/vii\/\" href=\"https:\/\/mt.uken.krakow.pl\/vii\/\" target=\"_blank\" rel=\"noopener noreferrer\" data-auth=\"NotApplicable\" data-linkindex=\"0\">https:\/\/mt.uken.krakow.pl\/vii\/<\/a>).<\/b><\/p>\n<p>Otwieramy wybrane sesje konferencji!<\/p>\n<p>Osoby, kt\u00f3re nie uczestnicz\u0105 w konferencji, mog\u0105 wzi\u0105\u0107 udzia\u0142 (nieodp\u0142atnie) w nast\u0119puj\u0105cych sesjach:<\/p>\n<ul>\n<li>warsztaty &#8222;Embodying Math &amp; Physics Education&#8221; &#8211; Miros\u0142awa Sajka, Roman Rosiek (17 marca, 15:30-16:45) &#8211; liczba miejsc ograniczona;<\/li>\n<li>warsztaty &#8222;Praktykowanie refleksji&#8221; &#8211; Tomasz Szemberg i wsp\u00f3\u0142pr. (18 marca, 15:30-16:45);<\/li>\n<li>sesja wspomnieniowa po\u015bwi\u0119cona \u017cyciu i dzia\u0142alno\u015bci Profesora Stefana Turnaua (18 marca, 17:00-19:00);<\/li>\n<li>sesja dotycz\u0105ca zmian w podstawie programowej z matematyki (19 marca, 11:45-14:30) &#8211; liczba miejsc ograniczona.<\/li>\n<\/ul>\n<p>Osoby zainteresowane udzia\u0142em w wy\u017cej wymienionych sesjach prosimy o wype\u0142nienie formularza zg\u0142oszeniowego:<\/p>\n<p><a title=\"https:\/\/forms.gle\/1WjLF6asKx9vGybw8\" href=\"https:\/\/forms.gle\/1WjLF6asKx9vGybw8\" target=\"_blank\" rel=\"noopener noreferrer\" data-auth=\"NotApplicable\" data-linkindex=\"1\">https:\/\/forms.gle\/1WjLF6asKx9vGybw8<\/a><\/p>\n<p><b>Formularz b\u0119dzie aktywny do 12 marca (do godz. 23:59).<\/b><\/p>\n","protected":false},"excerpt":{"rendered":"<p>W dniach 17-19 marca 2025 r. w budynku g\u0142\u00f3wnym UKEN (ul. Podchor\u0105\u017cych 2, Krak\u00f3w) odb\u0119dzie si\u0119 7. konferencja Transgresje Matematyczne (https:\/\/mt.uken.krakow.pl\/vii\/). Otwieramy wybrane sesje konferencji! Osoby, kt\u00f3re nie uczestnicz\u0105 w konferencji, mog\u0105 wzi\u0105\u0107 udzia\u0142 (nieodp\u0142atnie) w nast\u0119puj\u0105cych sesjach: warsztaty &#8222;Embodying Math &amp; Physics Education&#8221; &#8211; Miros\u0142awa Sajka, Roman Rosiek (17 marca, 15:30-16:45) &#8211; liczba miejsc [&hellip;]<\/p>\n","protected":false},"author":2,"featured_media":686,"comment_status":"closed","ping_status":"closed","sticky":false,"template":"","format":"standard","meta":{"footnotes":""},"categories":[8],"tags":[],"class_list":["post-685","post","type-post","status-publish","format-standard","has-post-thumbnail","hentry","category-bez-kategorii-pl"],"_links":{"self":[{"href":"https:\/\/matematyka.uken.krakow.pl\/index.php?rest_route=\/wp\/v2\/posts\/685","targetHints":{"allow":["GET"]}}],"collection":[{"href":"https:\/\/matematyka.uken.krakow.pl\/index.php?rest_route=\/wp\/v2\/posts"}],"about":[{"href":"https:\/\/matematyka.uken.krakow.pl\/index.php?rest_route=\/wp\/v2\/types\/post"}],"author":[{"embeddable":true,"href":"https:\/\/matematyka.uken.krakow.pl\/index.php?rest_route=\/wp\/v2\/users\/2"}],"replies":[{"embeddable":true,"href":"https:\/\/matematyka.uken.krakow.pl\/index.php?rest_route=%2Fwp%2Fv2%2Fcomments&post=685"}],"version-history":[{"count":3,"href":"https:\/\/matematyka.uken.krakow.pl\/index.php?rest_route=\/wp\/v2\/posts\/685\/revisions"}],"predecessor-version":[{"id":689,"href":"https:\/\/matematyka.uken.krakow.pl\/index.php?rest_route=\/wp\/v2\/posts\/685\/revisions\/689"}],"wp:featuredmedia":[{"embeddable":true,"href":"https:\/\/matematyka.uken.krakow.pl\/index.php?rest_route=\/wp\/v2\/media\/686"}],"wp:attachment":[{"href":"https:\/\/matematyka.uken.krakow.pl\/index.php?rest_route=%2Fwp%2Fv2%2Fmedia&parent=685"}],"wp:term":[{"taxonomy":"category","embeddable":true,"href":"https:\/\/matematyka.uken.krakow.pl\/index.php?rest_route=%2Fwp%2Fv2%2Fcategories&post=685"},{"taxonomy":"post_tag","embeddable":true,"href":"https:\/\/matematyka.uken.krakow.pl\/index.php?rest_route=%2Fwp%2Fv2%2Ftags&post=685"}],"curies":[{"name":"wp","href":"https:\/\/api.w.org\/{rel}","templated":true}]}}